{"id":292,"date":"2023-04-30T12:08:42","date_gmt":"2023-04-30T12:08:42","guid":{"rendered":"https:\/\/csmsigorta.com.tr\/bireysel-emeklilik\/?p=292"},"modified":"2023-04-30T12:08:42","modified_gmt":"2023-04-30T12:08:42","slug":"isveren-grup-emeklilik-plani","status":"publish","type":"post","link":"https:\/\/csmsigorta.com.tr\/bireysel-emeklilik\/isveren-grup-emeklilik-plani\/","title":{"rendered":"\u0130\u015fveren Grup Emeklilik Plan\u0131"},"content":{"rendered":"<p dir=\"ltr\">\u00c7al\u0131\u015fanlar\u0131n\u0131n g\u00fcvenli gelece\u011fi i\u00e7in yol g\u00f6sterici olmay\u0131 d\u00fc\u015f\u00fcnen ve Katk\u0131 Pay\u0131 \u00f6demesini kar\u015f\u0131lamak isteyen kurumlara \u00f6nerilen avantajl\u0131 Emeklilik Plan\u0131d\u0131r.<\/p>\n<p dir=\"ltr\">Kurumlar, \u0130\u015fveren Grup Emeklilik Plan\u0131 ile sundu\u011fu birikim ve tasarruf f\u0131rsat\u0131yla \u00e7al\u0131\u015fan\u0131na verdi\u011fi de\u011feri ortaya koyarak onun gelece\u011fini d\u00fc\u015f\u00fcnd\u00fc\u011f\u00fcn\u00fc hissettirir. Bu plan i\u015fverenin, \u00e7al\u0131\u015fan\u0131n\u0131n hayat standard\u0131n\u0131 y\u00fckseltti\u011fi gibi kendi \u015firketine olan ba\u011fl\u0131l\u0131\u011f\u0131 da artt\u0131r\u0131r. Bunun sonucunda hem i\u015fveren hem de \u00e7al\u0131\u015fan\u0131n mutlulu\u011fu sa\u011flanm\u0131\u015f olur.<\/p>\n<p dir=\"ltr\">Ayr\u0131ca \u0130\u015fveren Grup Emeklilik Plan\u0131, bireysel kat\u0131l\u0131mc\u0131lara sunulan planlardan \u00e7ok daha cazip ko\u015fullara sahiptir. Grubun \u00e7al\u0131\u015fan ve kat\u0131l\u0131mc\u0131 say\u0131s\u0131, toplam fon b\u00fcy\u00fckl\u00fc\u011f\u00fc gibi kriterlere ba\u011fl\u0131 olarak d\u00fc\u015f\u00fck y\u00f6netim gideri ve giri\u015f aidat\u0131 kesintileri gibi \u00f6zel avantajlar sa\u011flanmaktad\u0131r.<\/p>\n<h2 dir=\"ltr\">Avantajlar\u0131 Nelerdir?<\/h2>\n<ul>\n<li>Emeklili\u011fi planlanan \u00e7al\u0131\u015fanlar\u0131n\u0131n motivasyonunu y\u00fckseltir ve daha verimli \u00e7al\u0131\u015fmas\u0131na olanak sa\u011flar.<\/li>\n<li>\u00c7al\u0131\u015fan\u0131n\u0131n gelece\u011fini d\u00fc\u015f\u00fcnen bir \u015firket olarak \u015firkete olan ba\u011fl\u0131l\u0131\u011f\u0131 art\u0131r\u0131r.<\/li>\n<li>\u0130nsan Kaynaklar\u0131 Departman\u0131 taraf\u0131ndan potansiyel \u00e7al\u0131\u015fanlara sunabilecekleri ek bir fayda paketidir.<\/li>\n<li>Birikim ve tasarruf f\u0131rsatlar\u0131 ile \u00f6d\u00fcllendirme arac\u0131 olarak kullan\u0131labilir.<\/li>\n<li>\u00c7al\u0131\u015fanlar\u0131n ad\u0131na \u00f6dedi\u011fin tutarlar\u0131, her bir \u00e7al\u0131\u015fan\u0131n ayl\u0131k br\u00fct \u00fccretinin %15\u2019ine ve y\u0131ll\u0131k olarak br\u00fct asgari \u00fccretin y\u0131ll\u0131k tutar\u0131na kadar, do\u011frudan gider yazarak kurumlar vergisi matrah\u0131ndan indirebilirsin.<\/li>\n<li>Ek olarak i\u015fvereninin her bir \u00e7al\u0131\u015fan\u0131 ad\u0131na \u00f6dedi\u011fi ayl\u0131k Katk\u0131 Pay\u0131 tutar\u0131, ayl\u0131k asgari br\u00fct \u00fccretin %30\u2019una kadar olan k\u0131sm\u0131, SGK primi matrah\u0131na d\u00e2hil edilmez.<\/li>\n<\/ul>\n<h2 dir=\"ltr\">Hak Edi\u015f Uygulamas\u0131 Nedir?<\/h2>\n<p dir=\"ltr\">Kurum katk\u0131l\u0131 olarak Bireysel Emeklilik Sistemi\u2019ne dahil olan \u00e7al\u0131\u015fanlar\u0131n, i\u015fverenleri taraf\u0131ndan kendileri ad\u0131na \u00f6denen Katk\u0131 Paylar\u0131na, belirli bir s\u00fcre o \u015firkette \u00e7al\u0131\u015ft\u0131ktan sonra hak kazanmalar\u0131na hak edi\u015f s\u00fcresi uygulamas\u0131 denir. Bu s\u00fcre, kat\u0131l\u0131mc\u0131n\u0131n Grup Emeklilik S\u00f6zle\u015fmesine giri\u015f tarihinden itibaren 7 y\u0131l\u0131 a\u015famaz.<\/p>\n<div class=\"table__mobile-image\">\n<div class=\"no-responsive__table-holder\">\n<table class=\"no-responsive__table k-table\">\n<tbody>\n<tr>\n<th colspan=\"16\">S\u00d6ZLE\u015eME YIL SONU \u0130T\u0130BAR\u0130YLA ASGAR\u0130 HAK KAZANMA ORANI (%)(*)<\/th>\n<\/tr>\n<tr>\n<td colspan=\"8\" rowspan=\"9\">S\u00f6zle\u015fmede Belirlenen Hak Kazanma S\u00fcresi (Y\u0131l)<\/td>\n<\/tr>\n<tr>\n<td><\/td>\n<td>1<\/td>\n<td>2<\/td>\n<td>3<\/td>\n<td>4<\/td>\n<td>5<\/td>\n<td>6<\/td>\n<td>7<\/td>\n<\/tr>\n<tr>\n<td>1(*)<\/td>\n<td>100<\/td>\n<td><\/td>\n<td><\/td>\n<td><\/td>\n<td><\/td>\n<td><\/td>\n<td><\/td>\n<\/tr>\n<tr>\n<td>2<\/td>\n<td>0<\/td>\n<td>100<\/td>\n<td><\/td>\n<td><\/td>\n<td><\/td>\n<td><\/td>\n<td><\/td>\n<\/tr>\n<tr>\n<td>3<\/td>\n<td>0<\/td>\n<td>0<\/td>\n<td>100<\/td>\n<td><\/td>\n<td><\/td>\n<td><\/td>\n<td><\/td>\n<\/tr>\n<tr>\n<td>4<\/td>\n<td>0<\/td>\n<td>0<\/td>\n<td>75<\/td>\n<td>100<\/td>\n<td><\/td>\n<td><\/td>\n<td><\/td>\n<\/tr>\n<tr>\n<td>5<\/td>\n<td>0<\/td>\n<td>0<\/td>\n<td>60<\/td>\n<td>80<\/td>\n<td>100<\/td>\n<td><\/td>\n<td><\/td>\n<\/tr>\n<tr>\n<td>6<\/td>\n<td>0<\/td>\n<td>0<\/td>\n<td>60<\/td>\n<td>70<\/td>\n<td>80<\/td>\n<td>100<\/td>\n<td><\/td>\n<\/tr>\n<tr>\n<td>7<\/td>\n<td>0<\/td>\n<td>0<\/td>\n<td>50<\/td>\n<td>60<\/td>\n<td>70<\/td>\n<td>80<\/td>\n<td>100<\/td>\n<\/tr>\n<\/tbody>\n<\/table>\n<\/div>\n<\/div>\n","protected":false},"excerpt":{"rendered":"<p>\u00c7al\u0131\u015fanlar\u0131n\u0131n g\u00fcvenli gelece\u011fi i\u00e7in yol g\u00f6sterici olmay\u0131 d\u00fc\u015f\u00fcnen ve Katk\u0131 Pay\u0131 \u00f6demesini kar\u015f\u0131lamak isteyen kurumlara \u00f6nerilen avantajl\u0131 Emeklilik Plan\u0131d\u0131r. Kurumlar, \u0130\u015fveren Grup Emeklilik Plan\u0131 ile sundu\u011fu birikim ve tasarruf f\u0131rsat\u0131yla \u00e7al\u0131\u015fan\u0131na verdi\u011fi de\u011feri ortaya koyarak onun gelece\u011fini d\u00fc\u015f\u00fcnd\u00fc\u011f\u00fcn\u00fc hissettirir. Bu plan i\u015fverenin, \u00e7al\u0131\u015fan\u0131n\u0131n hayat standard\u0131n\u0131 y\u00fckseltti\u011fi gibi kendi \u015firketine olan ba\u011fl\u0131l\u0131\u011f\u0131 da artt\u0131r\u0131r. Bunun sonucunda &#8230; <a title=\"\u0130\u015fveren Grup Emeklilik Plan\u0131\" class=\"read-more\" href=\"https:\/\/csmsigorta.com.tr\/bireysel-emeklilik\/isveren-grup-emeklilik-plani\/\" aria-label=\"More on \u0130\u015fveren Grup Emeklilik Plan\u0131\">Devam\u0131n\u0131 oku&#8230;<\/a><\/p>\n","protected":false},"author":1,"featured_media":293,"comment_status":"open","ping_status":"open","sticky":false,"template":"","format":"standard","meta":{"footnotes":""},"categories":[9],"tags":[],"class_list":["post-292","post","type-post","status-publish","format-standard","has-post-thumbnail","hentry","category-kurumsal-emeklilik-planlarimiz"],"yoast_head":"<!-- This site is optimized with the Yoast SEO plugin v20.6 - https:\/\/yoast.com\/wordpress\/plugins\/seo\/ -->\n<title>\u0130\u015fveren Grup Emeklilik Plan\u0131 - \u00c7SM Sigorta<\/title>\n<meta name=\"robots\" content=\"index, follow, max-snippet:-1, max-image-preview:large, max-video-preview:-1\" \/>\n<link rel=\"canonical\" href=\"https:\/\/csmsigorta.com.tr\/bireysel-emeklilik\/isveren-grup-emeklilik-plani\/\" \/>\n<meta property=\"og:locale\" content=\"tr_TR\" \/>\n<meta property=\"og:type\" content=\"article\" \/>\n<meta property=\"og:title\" content=\"\u0130\u015fveren Grup Emeklilik Plan\u0131 - \u00c7SM Sigorta\" \/>\n<meta property=\"og:description\" content=\"\u00c7al\u0131\u015fanlar\u0131n\u0131n g\u00fcvenli gelece\u011fi i\u00e7in yol g\u00f6sterici olmay\u0131 d\u00fc\u015f\u00fcnen ve Katk\u0131 Pay\u0131 \u00f6demesini kar\u015f\u0131lamak isteyen kurumlara \u00f6nerilen avantajl\u0131 Emeklilik Plan\u0131d\u0131r. Kurumlar, \u0130\u015fveren Grup Emeklilik Plan\u0131 ile sundu\u011fu birikim ve tasarruf f\u0131rsat\u0131yla \u00e7al\u0131\u015fan\u0131na verdi\u011fi de\u011feri ortaya koyarak onun gelece\u011fini d\u00fc\u015f\u00fcnd\u00fc\u011f\u00fcn\u00fc hissettirir. Bu plan i\u015fverenin, \u00e7al\u0131\u015fan\u0131n\u0131n hayat standard\u0131n\u0131 y\u00fckseltti\u011fi gibi kendi \u015firketine olan ba\u011fl\u0131l\u0131\u011f\u0131 da artt\u0131r\u0131r. Bunun sonucunda ... Devam\u0131n\u0131 oku...\" \/>\n<meta property=\"og:url\" content=\"https:\/\/csmsigorta.com.tr\/bireysel-emeklilik\/isveren-grup-emeklilik-plani\/\" \/>\n<meta property=\"og:site_name\" content=\"\u00c7SM Sigorta\" \/>\n<meta property=\"article:published_time\" content=\"2023-04-30T12:08:42+00:00\" \/>\n<meta property=\"og:image\" content=\"https:\/\/csmsigorta.com.tr\/bireysel-emeklilik\/wp-content\/uploads\/2023\/04\/bes2-001.jpg\" \/>\n\t<meta property=\"og:image:width\" content=\"1200\" \/>\n\t<meta property=\"og:image:height\" content=\"776\" \/>\n\t<meta property=\"og:image:type\" content=\"image\/jpeg\" \/>\n<meta name=\"author\" content=\"csmadmin\" \/>\n<meta name=\"twitter:card\" content=\"summary_large_image\" \/>\n<meta name=\"twitter:label1\" content=\"Yazan:\" \/>\n\t<meta name=\"twitter:data1\" content=\"csmadmin\" \/>\n\t<meta name=\"twitter:label2\" content=\"Tahmini okuma s\u00fcresi\" \/>\n\t<meta name=\"twitter:data2\" content=\"2 dakika\" \/>\n<script type=\"application\/ld+json\" class=\"yoast-schema-graph\">{\"@context\":\"https:\/\/schema.org\",\"@graph\":[{\"@type\":\"Article\",\"@id\":\"https:\/\/csmsigorta.com.tr\/bireysel-emeklilik\/isveren-grup-emeklilik-plani\/#article\",\"isPartOf\":{\"@id\":\"https:\/\/csmsigorta.com.tr\/bireysel-emeklilik\/isveren-grup-emeklilik-plani\/\"},\"author\":{\"name\":\"csmadmin\",\"@id\":\"https:\/\/csmsigorta.com.tr\/bireysel-emeklilik\/#\/schema\/person\/825a2a3840deff0c86d81a9ff10c77fe\"},\"headline\":\"\u0130\u015fveren Grup Emeklilik Plan\u0131\",\"datePublished\":\"2023-04-30T12:08:42+00:00\",\"dateModified\":\"2023-04-30T12:08:42+00:00\",\"mainEntityOfPage\":{\"@id\":\"https:\/\/csmsigorta.com.tr\/bireysel-emeklilik\/isveren-grup-emeklilik-plani\/\"},\"wordCount\":389,\"commentCount\":0,\"publisher\":{\"@id\":\"https:\/\/csmsigorta.com.tr\/bireysel-emeklilik\/#organization\"},\"articleSection\":[\"Kurumsal Emeklilik Planlar\u0131m\u0131z\"],\"inLanguage\":\"tr\",\"potentialAction\":[{\"@type\":\"CommentAction\",\"name\":\"Comment\",\"target\":[\"https:\/\/csmsigorta.com.tr\/bireysel-emeklilik\/isveren-grup-emeklilik-plani\/#respond\"]}]},{\"@type\":\"WebPage\",\"@id\":\"https:\/\/csmsigorta.com.tr\/bireysel-emeklilik\/isveren-grup-emeklilik-plani\/\",\"url\":\"https:\/\/csmsigorta.com.tr\/bireysel-emeklilik\/isveren-grup-emeklilik-plani\/\",\"name\":\"\u0130\u015fveren Grup Emeklilik Plan\u0131 - \u00c7SM Sigorta\",\"isPartOf\":{\"@id\":\"https:\/\/csmsigorta.com.tr\/bireysel-emeklilik\/#website\"},\"datePublished\":\"2023-04-30T12:08:42+00:00\",\"dateModified\":\"2023-04-30T12:08:42+00:00\",\"breadcrumb\":{\"@id\":\"https:\/\/csmsigorta.com.tr\/bireysel-emeklilik\/isveren-grup-emeklilik-plani\/#breadcrumb\"},\"inLanguage\":\"tr\",\"potentialAction\":[{\"@type\":\"ReadAction\",\"target\":[\"https:\/\/csmsigorta.com.tr\/bireysel-emeklilik\/isveren-grup-emeklilik-plani\/\"]}]},{\"@type\":\"BreadcrumbList\",\"@id\":\"https:\/\/csmsigorta.com.tr\/bireysel-emeklilik\/isveren-grup-emeklilik-plani\/#breadcrumb\",\"itemListElement\":[{\"@type\":\"ListItem\",\"position\":1,\"name\":\"Anasayfa\",\"item\":\"https:\/\/csmsigorta.com.tr\/bireysel-emeklilik\/\"},{\"@type\":\"ListItem\",\"position\":2,\"name\":\"\u0130\u015fveren Grup Emeklilik Plan\u0131\"}]},{\"@type\":\"WebSite\",\"@id\":\"https:\/\/csmsigorta.com.tr\/bireysel-emeklilik\/#website\",\"url\":\"https:\/\/csmsigorta.com.tr\/bireysel-emeklilik\/\",\"name\":\"\u00c7SM Sigorta\",\"description\":\"Bireysel Emeklilik\",\"publisher\":{\"@id\":\"https:\/\/csmsigorta.com.tr\/bireysel-emeklilik\/#organization\"},\"potentialAction\":[{\"@type\":\"SearchAction\",\"target\":{\"@type\":\"EntryPoint\",\"urlTemplate\":\"https:\/\/csmsigorta.com.tr\/bireysel-emeklilik\/?s={search_term_string}\"},\"query-input\":\"required name=search_term_string\"}],\"inLanguage\":\"tr\"},{\"@type\":\"Organization\",\"@id\":\"https:\/\/csmsigorta.com.tr\/bireysel-emeklilik\/#organization\",\"name\":\"\u00c7SM Sigorta\",\"url\":\"https:\/\/csmsigorta.com.tr\/bireysel-emeklilik\/\",\"logo\":{\"@type\":\"ImageObject\",\"inLanguage\":\"tr\",\"@id\":\"https:\/\/csmsigorta.com.tr\/bireysel-emeklilik\/#\/schema\/logo\/image\/\",\"url\":\"https:\/\/csmsigorta.com.tr\/bireysel-emeklilik\/wp-content\/uploads\/2023\/05\/csm-logo.png\",\"contentUrl\":\"https:\/\/csmsigorta.com.tr\/bireysel-emeklilik\/wp-content\/uploads\/2023\/05\/csm-logo.png\",\"width\":607,\"height\":316,\"caption\":\"\u00c7SM Sigorta\"},\"image\":{\"@id\":\"https:\/\/csmsigorta.com.tr\/bireysel-emeklilik\/#\/schema\/logo\/image\/\"}},{\"@type\":\"Person\",\"@id\":\"https:\/\/csmsigorta.com.tr\/bireysel-emeklilik\/#\/schema\/person\/825a2a3840deff0c86d81a9ff10c77fe\",\"name\":\"csmadmin\",\"image\":{\"@type\":\"ImageObject\",\"inLanguage\":\"tr\",\"@id\":\"https:\/\/csmsigorta.com.tr\/bireysel-emeklilik\/#\/schema\/person\/image\/\",\"url\":\"https:\/\/secure.gravatar.com\/avatar\/038ecc16f2fe124b8d5470cf557dc43f7efe9b98e4f4beb5e84923283bd2d414?s=96&d=mm&r=g\",\"contentUrl\":\"https:\/\/secure.gravatar.com\/avatar\/038ecc16f2fe124b8d5470cf557dc43f7efe9b98e4f4beb5e84923283bd2d414?s=96&d=mm&r=g\",\"caption\":\"csmadmin\"},\"sameAs\":[\"https:\/\/csmsigorta.com.tr\/bireysel-emeklilik\"],\"url\":\"https:\/\/csmsigorta.com.tr\/bireysel-emeklilik\/author\/csmadmin\/\"}]}<\/script>\n<!-- \/ Yoast SEO plugin. -->","yoast_head_json":{"title":"\u0130\u015fveren Grup Emeklilik Plan\u0131 - \u00c7SM Sigorta","robots":{"index":"index","follow":"follow","max-snippet":"max-snippet:-1","max-image-preview":"max-image-preview:large","max-video-preview":"max-video-preview:-1"},"canonical":"https:\/\/csmsigorta.com.tr\/bireysel-emeklilik\/isveren-grup-emeklilik-plani\/","og_locale":"tr_TR","og_type":"article","og_title":"\u0130\u015fveren Grup Emeklilik Plan\u0131 - \u00c7SM Sigorta","og_description":"\u00c7al\u0131\u015fanlar\u0131n\u0131n g\u00fcvenli gelece\u011fi i\u00e7in yol g\u00f6sterici olmay\u0131 d\u00fc\u015f\u00fcnen ve Katk\u0131 Pay\u0131 \u00f6demesini kar\u015f\u0131lamak isteyen kurumlara \u00f6nerilen avantajl\u0131 Emeklilik Plan\u0131d\u0131r. Kurumlar, \u0130\u015fveren Grup Emeklilik Plan\u0131 ile sundu\u011fu birikim ve tasarruf f\u0131rsat\u0131yla \u00e7al\u0131\u015fan\u0131na verdi\u011fi de\u011feri ortaya koyarak onun gelece\u011fini d\u00fc\u015f\u00fcnd\u00fc\u011f\u00fcn\u00fc hissettirir. Bu plan i\u015fverenin, \u00e7al\u0131\u015fan\u0131n\u0131n hayat standard\u0131n\u0131 y\u00fckseltti\u011fi gibi kendi \u015firketine olan ba\u011fl\u0131l\u0131\u011f\u0131 da artt\u0131r\u0131r. Bunun sonucunda ... Devam\u0131n\u0131 oku...","og_url":"https:\/\/csmsigorta.com.tr\/bireysel-emeklilik\/isveren-grup-emeklilik-plani\/","og_site_name":"\u00c7SM Sigorta","article_published_time":"2023-04-30T12:08:42+00:00","og_image":[{"width":1200,"height":776,"url":"https:\/\/csmsigorta.com.tr\/bireysel-emeklilik\/wp-content\/uploads\/2023\/04\/bes2-001.jpg","type":"image\/jpeg"}],"author":"csmadmin","twitter_card":"summary_large_image","twitter_misc":{"Yazan:":"csmadmin","Tahmini okuma s\u00fcresi":"2 dakika"},"schema":{"@context":"https:\/\/schema.org","@graph":[{"@type":"Article","@id":"https:\/\/csmsigorta.com.tr\/bireysel-emeklilik\/isveren-grup-emeklilik-plani\/#article","isPartOf":{"@id":"https:\/\/csmsigorta.com.tr\/bireysel-emeklilik\/isveren-grup-emeklilik-plani\/"},"author":{"name":"csmadmin","@id":"https:\/\/csmsigorta.com.tr\/bireysel-emeklilik\/#\/schema\/person\/825a2a3840deff0c86d81a9ff10c77fe"},"headline":"\u0130\u015fveren Grup Emeklilik Plan\u0131","datePublished":"2023-04-30T12:08:42+00:00","dateModified":"2023-04-30T12:08:42+00:00","mainEntityOfPage":{"@id":"https:\/\/csmsigorta.com.tr\/bireysel-emeklilik\/isveren-grup-emeklilik-plani\/"},"wordCount":389,"commentCount":0,"publisher":{"@id":"https:\/\/csmsigorta.com.tr\/bireysel-emeklilik\/#organization"},"articleSection":["Kurumsal Emeklilik Planlar\u0131m\u0131z"],"inLanguage":"tr","potentialAction":[{"@type":"CommentAction","name":"Comment","target":["https:\/\/csmsigorta.com.tr\/bireysel-emeklilik\/isveren-grup-emeklilik-plani\/#respond"]}]},{"@type":"WebPage","@id":"https:\/\/csmsigorta.com.tr\/bireysel-emeklilik\/isveren-grup-emeklilik-plani\/","url":"https:\/\/csmsigorta.com.tr\/bireysel-emeklilik\/isveren-grup-emeklilik-plani\/","name":"\u0130\u015fveren Grup Emeklilik Plan\u0131 - \u00c7SM Sigorta","isPartOf":{"@id":"https:\/\/csmsigorta.com.tr\/bireysel-emeklilik\/#website"},"datePublished":"2023-04-30T12:08:42+00:00","dateModified":"2023-04-30T12:08:42+00:00","breadcrumb":{"@id":"https:\/\/csmsigorta.com.tr\/bireysel-emeklilik\/isveren-grup-emeklilik-plani\/#breadcrumb"},"inLanguage":"tr","potentialAction":[{"@type":"ReadAction","target":["https:\/\/csmsigorta.com.tr\/bireysel-emeklilik\/isveren-grup-emeklilik-plani\/"]}]},{"@type":"BreadcrumbList","@id":"https:\/\/csmsigorta.com.tr\/bireysel-emeklilik\/isveren-grup-emeklilik-plani\/#breadcrumb","itemListElement":[{"@type":"ListItem","position":1,"name":"Anasayfa","item":"https:\/\/csmsigorta.com.tr\/bireysel-emeklilik\/"},{"@type":"ListItem","position":2,"name":"\u0130\u015fveren Grup Emeklilik Plan\u0131"}]},{"@type":"WebSite","@id":"https:\/\/csmsigorta.com.tr\/bireysel-emeklilik\/#website","url":"https:\/\/csmsigorta.com.tr\/bireysel-emeklilik\/","name":"\u00c7SM Sigorta","description":"Bireysel Emeklilik","publisher":{"@id":"https:\/\/csmsigorta.com.tr\/bireysel-emeklilik\/#organization"},"potentialAction":[{"@type":"SearchAction","target":{"@type":"EntryPoint","urlTemplate":"https:\/\/csmsigorta.com.tr\/bireysel-emeklilik\/?s={search_term_string}"},"query-input":"required name=search_term_string"}],"inLanguage":"tr"},{"@type":"Organization","@id":"https:\/\/csmsigorta.com.tr\/bireysel-emeklilik\/#organization","name":"\u00c7SM Sigorta","url":"https:\/\/csmsigorta.com.tr\/bireysel-emeklilik\/","logo":{"@type":"ImageObject","inLanguage":"tr","@id":"https:\/\/csmsigorta.com.tr\/bireysel-emeklilik\/#\/schema\/logo\/image\/","url":"https:\/\/csmsigorta.com.tr\/bireysel-emeklilik\/wp-content\/uploads\/2023\/05\/csm-logo.png","contentUrl":"https:\/\/csmsigorta.com.tr\/bireysel-emeklilik\/wp-content\/uploads\/2023\/05\/csm-logo.png","width":607,"height":316,"caption":"\u00c7SM Sigorta"},"image":{"@id":"https:\/\/csmsigorta.com.tr\/bireysel-emeklilik\/#\/schema\/logo\/image\/"}},{"@type":"Person","@id":"https:\/\/csmsigorta.com.tr\/bireysel-emeklilik\/#\/schema\/person\/825a2a3840deff0c86d81a9ff10c77fe","name":"csmadmin","image":{"@type":"ImageObject","inLanguage":"tr","@id":"https:\/\/csmsigorta.com.tr\/bireysel-emeklilik\/#\/schema\/person\/image\/","url":"https:\/\/secure.gravatar.com\/avatar\/038ecc16f2fe124b8d5470cf557dc43f7efe9b98e4f4beb5e84923283bd2d414?s=96&d=mm&r=g","contentUrl":"https:\/\/secure.gravatar.com\/avatar\/038ecc16f2fe124b8d5470cf557dc43f7efe9b98e4f4beb5e84923283bd2d414?s=96&d=mm&r=g","caption":"csmadmin"},"sameAs":["https:\/\/csmsigorta.com.tr\/bireysel-emeklilik"],"url":"https:\/\/csmsigorta.com.tr\/bireysel-emeklilik\/author\/csmadmin\/"}]}},"_links":{"self":[{"href":"https:\/\/csmsigorta.com.tr\/bireysel-emeklilik\/wp-json\/wp\/v2\/posts\/292","targetHints":{"allow":["GET"]}}],"collection":[{"href":"https:\/\/csmsigorta.com.tr\/bireysel-emeklilik\/wp-json\/wp\/v2\/posts"}],"about":[{"href":"https:\/\/csmsigorta.com.tr\/bireysel-emeklilik\/wp-json\/wp\/v2\/types\/post"}],"author":[{"embeddable":true,"href":"https:\/\/csmsigorta.com.tr\/bireysel-emeklilik\/wp-json\/wp\/v2\/users\/1"}],"replies":[{"embeddable":true,"href":"https:\/\/csmsigorta.com.tr\/bireysel-emeklilik\/wp-json\/wp\/v2\/comments?post=292"}],"version-history":[{"count":1,"href":"https:\/\/csmsigorta.com.tr\/bireysel-emeklilik\/wp-json\/wp\/v2\/posts\/292\/revisions"}],"predecessor-version":[{"id":295,"href":"https:\/\/csmsigorta.com.tr\/bireysel-emeklilik\/wp-json\/wp\/v2\/posts\/292\/revisions\/295"}],"wp:featuredmedia":[{"embeddable":true,"href":"https:\/\/csmsigorta.com.tr\/bireysel-emeklilik\/wp-json\/wp\/v2\/media\/293"}],"wp:attachment":[{"href":"https:\/\/csmsigorta.com.tr\/bireysel-emeklilik\/wp-json\/wp\/v2\/media?parent=292"}],"wp:term":[{"taxonomy":"category","embeddable":true,"href":"https:\/\/csmsigorta.com.tr\/bireysel-emeklilik\/wp-json\/wp\/v2\/categories?post=292"},{"taxonomy":"post_tag","embeddable":true,"href":"https:\/\/csmsigorta.com.tr\/bireysel-emeklilik\/wp-json\/wp\/v2\/tags?post=292"}],"curies":[{"name":"wp","href":"https:\/\/api.w.org\/{rel}","templated":true}]}}